{"id":13256,"date":"2025-04-25T12:02:40","date_gmt":"2025-04-25T16:02:40","guid":{"rendered":"https:\/\/jaquebec.org\/?p=13256"},"modified":"2025-07-08T14:17:56","modified_gmt":"2025-07-08T18:17:56","slug":"celebrer-la-jeunesse-entrepreneuriale-au-gala-de-la-releve-2024-2025","status":"publish","type":"post","link":"https:\/\/jaquebec.org\/en\/2025\/04\/25\/celebrer-la-jeunesse-entrepreneuriale-au-gala-de-la-releve-2024-2025\/","title":{"rendered":"(Fran\u00e7ais) C\u00e9l\u00e9brer la jeunesse entrepreneuriale au Gala de la rel\u00e8ve 2024-2025"},"content":{"rendered":"<p class=\"qtranxs-available-languages-message qtranxs-available-languages-message-en\">Sorry, this entry is only available in <a href=\"https:\/\/jaquebec.org\/fr\/wp-json\/wp\/v2\/posts\/13256\" class=\"qtranxs-available-language-link qtranxs-available-language-link-fr\" title=\"Fran\u00e7ais\">Fran\u00e7ais<\/a>.<\/p>","protected":false},"excerpt":{"rendered":"<p>Sorry, this entry is only available in Fran\u00e7ais.<\/p>\n","protected":false},"author":2,"featured_media":13279,"comment_status":"closed","ping_status":"closed","sticky":false,"template":"","format":"standard","meta":{"_lmt_disableupdate":"","_lmt_disable":"","footnotes":""},"categories":[1],"tags":[],"class_list":["post-13256","post","type-post","status-publish","format-standard","has-post-thumbnail","hentry","category-non-classe"],"modified_by":"Agathe Boiss\u00e9","_links":{"self":[{"href":"https:\/\/jaquebec.org\/en\/wp-json\/wp\/v2\/posts\/13256","targetHints":{"allow":["GET"]}}],"collection":[{"href":"https:\/\/jaquebec.org\/en\/wp-json\/wp\/v2\/posts"}],"about":[{"href":"https:\/\/jaquebec.org\/en\/wp-json\/wp\/v2\/types\/post"}],"author":[{"embeddable":true,"href":"https:\/\/jaquebec.org\/en\/wp-json\/wp\/v2\/users\/2"}],"replies":[{"embeddable":true,"href":"https:\/\/jaquebec.org\/en\/wp-json\/wp\/v2\/comments?post=13256"}],"version-history":[{"count":1,"href":"https:\/\/jaquebec.org\/en\/wp-json\/wp\/v2\/posts\/13256\/revisions"}],"predecessor-version":[{"id":13280,"href":"https:\/\/jaquebec.org\/en\/wp-json\/wp\/v2\/posts\/13256\/revisions\/13280"}],"wp:featuredmedia":[{"embeddable":true,"href":"https:\/\/jaquebec.org\/en\/wp-json\/wp\/v2\/media\/13279"}],"wp:attachment":[{"href":"https:\/\/jaquebec.org\/en\/wp-json\/wp\/v2\/media?parent=13256"}],"wp:term":[{"taxonomy":"category","embeddable":true,"href":"https:\/\/jaquebec.org\/en\/wp-json\/wp\/v2\/categories?post=13256"},{"taxonomy":"post_tag","embeddable":true,"href":"https:\/\/jaquebec.org\/en\/wp-json\/wp\/v2\/tags?post=13256"}],"curies":[{"name":"wp","href":"https:\/\/api.w.org\/{rel}","templated":true}]}}