{"id":12159,"date":"2024-05-01T10:00:14","date_gmt":"2024-05-01T14:00:14","guid":{"rendered":"https:\/\/jaquebec.org\/?p=12159"},"modified":"2024-04-30T14:06:43","modified_gmt":"2024-04-30T18:06:43","slug":"cfa-montreal-simplique-concretement-dans-la-litteratie-financiere-des-jeunes","status":"publish","type":"post","link":"https:\/\/jaquebec.org\/fr\/2024\/05\/01\/cfa-montreal-simplique-concretement-dans-la-litteratie-financiere-des-jeunes\/","title":{"rendered":"CFA Montr\u00e9al s\u2019implique concr\u00e8tement dans la litt\u00e9ratie financi\u00e8re des jeunes"},"content":{"rendered":"<p><\/p>\n<h3><b>Nouveau partenariat avec JA Qu\u00e9bec\u00a0: pour l\u2019avenir des jeunes<\/b><\/h3>\n<p><a href=\"https:\/\/www.cfamontreal.org\">CFA Montr\u00e9al<\/a> est fi\u00e8re d\u2019annoncer qu\u2019elle s\u2019associe aux programmes \u00e9ducatifs de JA Qu\u00e9bec, un organisme \u00e0 but non lucratif d\u00e9di\u00e9 \u00e0 l\u2019\u00e9ducation financi\u00e8re et entrepreneuriale des jeunes. JA Qu\u00e9bec fait partie de JA Worldwide, pr\u00e9sent dans plus de 120 pays touchant directement 10 millions de jeunes gr\u00e2ce \u00e0 400\u00a0000 b\u00e9n\u00e9voles.<\/p>\n<p>JA est n\u00e9 en 1919, et s\u2019est implant\u00e9 au Qu\u00e9bec en 1962. JA Qu\u00e9bec offre des programmes d\u2019initiation aux affaires et \u00e0 la litt\u00e9ratie financi\u00e8re pour les jeunes Qu\u00e9b\u00e9cois et Qu\u00e9b\u00e9coises des niveaux secondaire 4 et 5, jusqu\u2019au niveau coll\u00e9gial.<\/p>\n<p>Selon <i>Welcome Spaces<\/i>, 40 % des jeunes Qu\u00e9b\u00e9cois et Qu\u00e9b\u00e9coises ont \u00e9chou\u00e9 \u00e0 un test de base sur la finance alors que la culture de l\u2019investissement et la litt\u00e9ratie financi\u00e8re sont des pr\u00e9occupations pour la jeunesse d\u2019aujourd\u2019hui.<\/p>\n<p>CFA Montr\u00e9al souhaite collaborer avec JA Qu\u00e9bec en participant au financement de ces programmes qui contribuent, \u00e0 la fois, \u00e0 sensibiliser aux opportunit\u00e9s d\u2019emploi disponibles dans le secteur financier, \u00e0 diversifier l\u2019univers de l\u2019investissement dans son ensemble et contribuera \u00e0 promouvoir une culture de l\u2019investissement parmi les jeunes.<\/p>\n<p>En mettant son r\u00e9seau et son expertise \u00e0 contribution, l\u2019association favorisera \u00e9galement des actions concr\u00e8tes r\u00e9alis\u00e9es par le biais de cet organisme, qui portent sur des int\u00e9r\u00eats et des valeurs communes : la rel\u00e8ve, la diversit\u00e9, l\u2019\u00e9quit\u00e9 et l\u2019inclusion (DEI) et l\u2019\u00e9ducation financi\u00e8re.<\/p>\n<blockquote><p>\u00ab\u00a0<em>Cette collaboration s\u2019inscrit dans la culture de notre organisation et le sens de l\u2019engagement de nos membres et de nos candidats orient\u00e9s vers l\u2019avenir de l\u2019industrie. En tant que bon citoyen corporatif, nous avons l\u2019opportunit\u00e9 d\u2019agir et de faire notre part en nous ralliant \u00e0 cette cause qui favorisera l\u2019\u00e9ducation financi\u00e8re de la nouvelle g\u00e9n\u00e9ration gr\u00e2ce au d\u00e9vouement de la communaut\u00e9.<\/em> \u00bb indique <strong>Jo-Ann Hajdamacha, directrice g\u00e9n\u00e9rale de CFA Montr\u00e9al.<\/strong><\/p>\n<p>\u00ab\u00a0<em>L&#8217;\u00e9ducation financi\u00e8re est un pilier fondamental afin de pr\u00e9parer et inspirer une rel\u00e8ve prosp\u00e8re au sein de la jeunesse qu\u00e9b\u00e9coise. Nous sommes fiers d\u2019unir nos forces \u00e0 celles de CFA\u00a0Montr\u00e9al, afin de fournir une plateforme solide pour d\u00e9mystifier la litt\u00e9ratie financi\u00e8re et mettre en lumi\u00e8re le r\u00f4le crucial des d\u00e9tenteurs du titre CFA\u00a0dans la dynamique de notre \u00e9conomie.<\/em> \u00bb affirme <strong>Jacinthe Figueredo, pr\u00e9sidente et chef de la direction par int\u00e9rim de JA Qu\u00e9bec<\/strong>.<\/p><\/blockquote>\n<p>Travaillant dans l\u2019ombre depuis quelques mois d\u00e9j\u00e0, notre \u00e9quipe ainsi que le comit\u00e9 philanthropique form\u00e9 de membres se consacrent \u00e0 la mise en place d\u2019une initiative commune qui aura lieu dans le cadre du mois de la litt\u00e9ratie financi\u00e8re en novembre 2024. Ce projet sp\u00e9cial qui aura un impact positif sur la jeunesse qu\u00e9b\u00e9coise sera d\u00e9voil\u00e9 lors de la soir\u00e9e des pr\u00e9visions le 13 juin prochain.<\/p>\n<p><strong>CFA Montr\u00e9al et JA Qu\u00e9bec<\/strong><\/p>\n<p><img loading=\"lazy\" decoding=\"async\" class=\"alignnone wp-image-12162\" src=\"https:\/\/jaquebec.org\/wp-content\/uploads\/2024\/04\/CFA-PartenariatJA-Web3-FR-300x158.jpg\" alt=\"CFA Montr\u00e9al et JA Qu\u00e9bec\" width=\"418\" height=\"220\" srcset=\"https:\/\/jaquebec.org\/wp-content\/uploads\/2024\/04\/CFA-PartenariatJA-Web3-FR-300x158.jpg 300w, https:\/\/jaquebec.org\/wp-content\/uploads\/2024\/04\/CFA-PartenariatJA-Web3-FR-1024x538.jpg 1024w, https:\/\/jaquebec.org\/wp-content\/uploads\/2024\/04\/CFA-PartenariatJA-Web3-FR-768x403.jpg 768w, https:\/\/jaquebec.org\/wp-content\/uploads\/2024\/04\/CFA-PartenariatJA-Web3-FR-1140x599.jpg 1140w, https:\/\/jaquebec.org\/wp-content\/uploads\/2024\/04\/CFA-PartenariatJA-Web3-FR-380x200.jpg 380w, https:\/\/jaquebec.org\/wp-content\/uploads\/2024\/04\/CFA-PartenariatJA-Web3-FR.jpg 1200w\" sizes=\"auto, (max-width: 418px) 100vw, 418px\" \/><\/p>","protected":false},"excerpt":{"rendered":"<p>Nouveau partenariat avec JA Qu\u00e9bec\u00a0: pour l\u2019avenir des jeunes CFA Montr\u00e9al est fi\u00e8re d\u2019annoncer qu\u2019elle s\u2019associe aux programmes \u00e9ducatifs de JA Qu\u00e9bec, un organisme \u00e0 but non lucratif d\u00e9di\u00e9 \u00e0 l\u2019\u00e9ducation financi\u00e8re et entrepreneuriale des jeunes. JA Qu\u00e9bec fait partie de JA Worldwide, pr\u00e9sent dans plus de 120 pays touchant directement 10 millions de jeunes [&hellip;]<\/p>\n","protected":false},"author":4,"featured_media":12180,"comment_status":"closed","ping_status":"open","sticky":false,"template":"","format":"standard","meta":{"_lmt_disableupdate":"","_lmt_disable":"","footnotes":""},"categories":[22,1],"tags":[],"class_list":["post-12159","post","type-post","status-publish","format-standard","has-post-thumbnail","hentry","category-communique-de-presse","category-non-classe"],"modified_by":null,"_links":{"self":[{"href":"https:\/\/jaquebec.org\/fr\/wp-json\/wp\/v2\/posts\/12159","targetHints":{"allow":["GET"]}}],"collection":[{"href":"https:\/\/jaquebec.org\/fr\/wp-json\/wp\/v2\/posts"}],"about":[{"href":"https:\/\/jaquebec.org\/fr\/wp-json\/wp\/v2\/types\/post"}],"author":[{"embeddable":true,"href":"https:\/\/jaquebec.org\/fr\/wp-json\/wp\/v2\/users\/4"}],"replies":[{"embeddable":true,"href":"https:\/\/jaquebec.org\/fr\/wp-json\/wp\/v2\/comments?post=12159"}],"version-history":[{"count":14,"href":"https:\/\/jaquebec.org\/fr\/wp-json\/wp\/v2\/posts\/12159\/revisions"}],"predecessor-version":[{"id":12177,"href":"https:\/\/jaquebec.org\/fr\/wp-json\/wp\/v2\/posts\/12159\/revisions\/12177"}],"wp:featuredmedia":[{"embeddable":true,"href":"https:\/\/jaquebec.org\/fr\/wp-json\/wp\/v2\/media\/12180"}],"wp:attachment":[{"href":"https:\/\/jaquebec.org\/fr\/wp-json\/wp\/v2\/media?parent=12159"}],"wp:term":[{"taxonomy":"category","embeddable":true,"href":"https:\/\/jaquebec.org\/fr\/wp-json\/wp\/v2\/categories?post=12159"},{"taxonomy":"post_tag","embeddable":true,"href":"https:\/\/jaquebec.org\/fr\/wp-json\/wp\/v2\/tags?post=12159"}],"curies":[{"name":"wp","href":"https:\/\/api.w.org\/{rel}","templated":true}]}}