{"id":12655,"date":"2025-08-29T15:56:52","date_gmt":"2025-08-29T19:56:52","guid":{"rendered":"https:\/\/jaquebec.org\/?p=12655"},"modified":"2025-08-29T16:20:56","modified_gmt":"2025-08-29T20:20:56","slug":"offre-demploi-responsable-developpement-philanthropique-et-partenariats","status":"publish","type":"post","link":"https:\/\/jaquebec.org\/fr\/2025\/08\/29\/offre-demploi-responsable-developpement-philanthropique-et-partenariats\/","title":{"rendered":"OFFRE D&#8217;EMPLOI &#8211; Responsable d\u00e9veloppement philanthropique et partenariats"},"content":{"rendered":"<p><\/p>\n<p style=\"text-align: justify;\"><span style=\"color: #000000;\"><strong>Description de l\u2019organisme<\/strong><\/span><\/p>\n<p style=\"text-align: justify;\"><span class=\"TextRun SCXW204938030 BCX8\" lang=\"FR-CA\" xml:lang=\"FR-CA\" data-contrast=\"auto\"><span class=\"NormalTextRun SCXW204938030 BCX8\">Les programmes \u00e9ducatifs JA Qu\u00e9bec<\/span><\/span><span class=\"TextRun SCXW204938030 BCX8\" lang=\"FR-CA\" xml:lang=\"FR-CA\" data-contrast=\"auto\"><span class=\"NormalTextRun SCXW204938030 BCX8\"> a pour mission d\u2019inspirer et de pr\u00e9parer les jeunes \u00e0 r\u00e9ussir dans une \u00e9conomie mondialis\u00e9e an acqu\u00e9rant les comp\u00e9tences et l\u2019\u00e9tat d\u2019esprit n\u00e9cessaires pour b\u00e2tir des communaut\u00e9s prosp\u00e8res. JA Qu\u00e9bec offre des exp\u00e9riences d\u2019apprentissage pratiques et immersives par le biais de programmes qui aident les jeunes \u00e0 acqu\u00e9rir des comp\u00e9tences transf\u00e9rables \u00e0 la pr\u00e9paration au travail, en litt\u00e9ratie financi\u00e8re et \u00e0 l\u2019entrepreneuriat. JA Qu\u00e9bec est un organisme \u00e0 but non lucratif d\u2019envergure qui existe depuis plus de 100 ans et fait partie de JA (Junior <\/span><span class=\"NormalTextRun SpellingErrorV2Themed SCXW204938030 BCX8\">Achievement<\/span><span class=\"NormalTextRun SCXW204938030 BCX8\">) Canada et de JA Worldwide et est pr\u00e9sent dans 121 pays \u00e0 travers le monde.<\/span><\/span><span class=\"EOP SCXW204938030 BCX8\" data-ccp-props=\"{&quot;134245417&quot;:true,&quot;201341983&quot;:0,&quot;335551550&quot;:6,&quot;335551620&quot;:6,&quot;335559685&quot;:284,&quot;335559740&quot;:276}\">\u00a0<\/span><\/p>\n<p style=\"text-align: justify;\"><strong>Description du poste<\/strong><br \/>\nRelevant de la pr\u00e9sidente et cheffe de la direction, la personne au d\u00e9veloppement philanthropique et partenariats est responsable du d\u00e9veloppement philanthropique (recrutement, r\u00e9activation, renouvellement et r\u00e9tention) et des partenariats, au Qu\u00e9bec, dans le cadre des campagnes, des activit\u00e9s philanthropiques et des<br \/>\npr\u00e9sentations en entreprise.<\/p>\n<p style=\"text-align: justify;\">En collaboration avec la pr\u00e9sidente et chef de la direction, le (la) responsable \u00e9tablit les priorit\u00e9s annuelles en vue d\u2019optimiser la croissance des revenus de l\u2019organisme et participe activement \u00e0 l\u2019atteinte des objectifs<br \/>\nfinanciers.<\/p>\n<p style=\"text-align: justify;\">La personne responsable au d\u00e9veloppement philanthropique et partenariats assure le d\u00e9veloppement et la croissance des activit\u00e9s de financement, les dons majeurs et planifi\u00e9s, les \u00e9v\u00e9nements de collecte de fonds ainsi que le d\u00e9veloppement et la mise en \u0153uvre de strat\u00e9gie de d\u00e9veloppement des cercles philanthropiques.<\/p>\n<p style=\"text-align: justify;\"><strong>Principales responsabilit\u00e9s au niveau provincial<\/strong><br \/>\n\u2022 Pr\u00e9parer les dossiers de sollicitation des partenaires financiers, assurer un suivi des dons et commandites attendus et voir \u00e0 leur renouvellement;<br \/>\n\u2022 S\u2019assurer de r\u00e9aliser les \u00e9l\u00e9ments du plan de reconnaissance pour chacun des partenaires;<br \/>\n\u2022 Entretenir des communications privil\u00e9gi\u00e9es et strat\u00e9giques avec les grands donateurs afin de les fid\u00e9liser;<br \/>\n\u2022 S\u2019assurer de l\u2019atteinte des objectifs financiers en proposant des strat\u00e9gies de collecte de fonds, selon les groupes cibl\u00e9s;<br \/>\n\u2022 En collaboration avec la pr\u00e9sidente et chef de la direction, identifier et recruter des commanditaires et des donateurs pour assurer le succ\u00e8s des \u00e9v\u00e9nements;<br \/>\n\u2022 Effectuer des recherches de profil et d\u2019historique de dons des donateurs potentiels cibl\u00e9s pour pr\u00e9parer les dossiers de sollicitation;<br \/>\n\u2022 Participer aux pr\u00e9sentations de l\u2019organisme aupr\u00e8s de donateurs potentiels;<br \/>\n\u2022 Effectuer du d\u00e9marchage dans des \u00e9v\u00e9nements d\u2019affaires cibl\u00e9s pour favoriser le rayonnement de l\u2019organisme et identifier les appuis potentiels;<br \/>\n\u2022 Collaboration avec JA Canada en lien avec les partenariats;<br \/>\n\u2022 Gestion des alli\u00e9s strat\u00e9giques;<br \/>\n\u2022 Suivre l\u2019actualit\u00e9 du milieu des affaires pour identifier les d\u00e9cideurs et les entreprises qui pourraient devenir des partenaires de notre organisme;<br \/>\n\u2022 Participer \u00e0 divers projets ayant un impact sur les relations avec les donateurs et la croissance de l\u2019organisme;<br \/>\n\u2022 Demeurer \u00e0 l\u2019affut des tendances et des meilleures pratiques en philanthropie;<br \/>\n\u2022 Effectuer toutes autres t\u00e2ches connexes demand\u00e9es par la direction g\u00e9n\u00e9rale.<\/p>\n<p style=\"text-align: justify;\">\n<strong>Comp\u00e9tences recherch\u00e9es<\/strong><br \/>\n\u2022 Dipl\u00f4me universitaire de premier ou deuxi\u00e8me cycle dans une discipline pertinente au poste ou exp\u00e9rience \u00e9quivalente;<br \/>\n\u2022 Un minimum de 7 ans d\u2019exp\u00e9rience, dont 5 ans dans un poste en lien avec le d\u00e9veloppement de partenariats d\u2019affaires au sein d\u2019un OBNL;<br \/>\n\u2022 Habilet\u00e9 \u00e0 d\u00e9velopper des strat\u00e9gies novatrices et gagnantes;<br \/>\n\u2022 Excellentes habilet\u00e9s \u00e0 effectuer des pr\u00e9sentations aupr\u00e8s de la communaut\u00e9 d\u2019affaires;<br \/>\n\u2022 Capacit\u00e9 d\u00e9montr\u00e9e pour la sollicitation et la n\u00e9gociation;<br \/>\n\u2022 Capacit\u00e9 d\u00e9montr\u00e9e dans la relation partenaire\/client\u00e8le;<br \/>\n\u2022 Orient\u00e9 vers l\u2019action et les r\u00e9sultats;<br \/>\n\u2022 Esprit d\u2019\u00e9quipe;<br \/>\n\u2022 Pers\u00e9v\u00e9rance, rigueur et diplomatie;<br \/>\n\u2022 Excellentes aptitudes pour les relations interpersonnelles;<br \/>\n\u2022 Excellent fran\u00e7ais et anglais, oral et \u00e9crit.<\/p>\n<p style=\"text-align: justify;\"><strong>Conditions de travail<\/strong><br \/>\nPoste permanent, 35 heures par semaine<br \/>\nFormule hybride flexible<br \/>\nVacances, horaire d\u2019\u00e9t\u00e9 et flexibilit\u00e9<br \/>\nProgramme d\u2019assurances collectives et REER collectif<br \/>\nFermeture de bureau pendant le temps des F\u00eates<\/p>\n<p style=\"text-align: justify;\"><strong>Veuillez nous faire parvenir votre curriculum vitae et une lettre d\u2019intention ou pour toutes questions sur les<\/strong><br \/>\n<strong>postes disponibles, merci de faire parvenir \u00e0 : <\/strong><a href=\"mailto:jfigueredo@jaquebec.org\"><strong>jfigueredo@jaquebec.org<\/strong><\/a><\/p>\n<p>&nbsp;<\/p>\n<p><strong>D\u00e9claration de valeur sur l\u2019\u00e9quit\u00e9, la diversit\u00e9 et l\u2019inclusion<\/strong><br \/>\nJA Qu\u00e9bec s\u2019engage \u00e0 cr\u00e9er un environnement diversifi\u00e9, inclusif, \u00e9quitable et accessible o\u00f9 les diff\u00e9rences sont<br \/>\nvaloris\u00e9es et respect\u00e9es dans tous les domaines de nos activit\u00e9s. Nos programmes sont con\u00e7us pour \u00eatre inclusifs et<br \/>\naccessibles, sans pr\u00e9jug\u00e9s ni discrimination. Nous respectons les origines, la cr\u00e9ativit\u00e9 et le talent de chacun. En<br \/>\ninspirant et en pr\u00e9parant les jeunes \u00e0 r\u00e9ussir dans une \u00e9conomie mondiale, nous leur apprenons \u00e0 reconna\u00eetre que<br \/>\nl\u2019inclusion et la diversit\u00e9 sont des atouts.<\/p>\n<p style=\"text-align: justify;\">\n<p><\/p>","protected":false},"excerpt":{"rendered":"<p>Description de l\u2019organisme Les programmes \u00e9ducatifs JA Qu\u00e9bec a pour mission d\u2019inspirer et de pr\u00e9parer les jeunes \u00e0 r\u00e9ussir dans une \u00e9conomie mondialis\u00e9e an acqu\u00e9rant les comp\u00e9tences et l\u2019\u00e9tat d\u2019esprit n\u00e9cessaires pour b\u00e2tir des communaut\u00e9s prosp\u00e8res. JA Qu\u00e9bec offre des exp\u00e9riences d\u2019apprentissage pratiques et immersives par le biais de programmes qui aident les jeunes \u00e0 [&hellip;]<\/p>\n","protected":false},"author":2,"featured_media":9231,"comment_status":"closed","ping_status":"open","sticky":false,"template":"","format":"standard","meta":{"_lmt_disableupdate":"","_lmt_disable":"","footnotes":""},"categories":[1],"tags":[],"class_list":["post-12655","post","type-post","status-publish","format-standard","has-post-thumbnail","hentry","category-non-classe"],"modified_by":"Myl\u00e8ne Gamache-Tremblay","_links":{"self":[{"href":"https:\/\/jaquebec.org\/fr\/wp-json\/wp\/v2\/posts\/12655","targetHints":{"allow":["GET"]}}],"collection":[{"href":"https:\/\/jaquebec.org\/fr\/wp-json\/wp\/v2\/posts"}],"about":[{"href":"https:\/\/jaquebec.org\/fr\/wp-json\/wp\/v2\/types\/post"}],"author":[{"embeddable":true,"href":"https:\/\/jaquebec.org\/fr\/wp-json\/wp\/v2\/users\/2"}],"replies":[{"embeddable":true,"href":"https:\/\/jaquebec.org\/fr\/wp-json\/wp\/v2\/comments?post=12655"}],"version-history":[{"count":5,"href":"https:\/\/jaquebec.org\/fr\/wp-json\/wp\/v2\/posts\/12655\/revisions"}],"predecessor-version":[{"id":13429,"href":"https:\/\/jaquebec.org\/fr\/wp-json\/wp\/v2\/posts\/12655\/revisions\/13429"}],"wp:featuredmedia":[{"embeddable":true,"href":"https:\/\/jaquebec.org\/fr\/wp-json\/wp\/v2\/media\/9231"}],"wp:attachment":[{"href":"https:\/\/jaquebec.org\/fr\/wp-json\/wp\/v2\/media?parent=12655"}],"wp:term":[{"taxonomy":"category","embeddable":true,"href":"https:\/\/jaquebec.org\/fr\/wp-json\/wp\/v2\/categories?post=12655"},{"taxonomy":"post_tag","embeddable":true,"href":"https:\/\/jaquebec.org\/fr\/wp-json\/wp\/v2\/tags?post=12655"}],"curies":[{"name":"wp","href":"https:\/\/api.w.org\/{rel}","templated":true}]}}