{"id":5297,"date":"2015-03-04T12:52:42","date_gmt":"2015-03-04T17:52:42","guid":{"rendered":"https:\/\/jaquebec.com\/?p=5297"},"modified":"2022-11-09T11:23:02","modified_gmt":"2022-11-09T16:23:02","slug":"plus-de-120-jeunes-entrepreneurs-reunis-a-victoriaville","status":"publish","type":"post","link":"https:\/\/jaquebec.org\/fr\/2015\/03\/04\/plus-de-120-jeunes-entrepreneurs-reunis-a-victoriaville\/","title":{"rendered":"Plus de 120 jeunes entrepreneurs r\u00e9unis \u00e0 Victoriaville"},"content":{"rendered":"<p>Madame Suzanne Proulx, directrice g\u00e9n\u00e9rale de Jeunes entreprises Qu\u00e9bec est fi\u00e8re de saluer le talent des 120 jeunes \u00e2g\u00e9s de 16 \u00e0 18 ans qui se sont rassembl\u00e9s \u00e0 Victoriaville ce weekend afin d\u2019\u00e9laborer un plan d\u2019affaire d\u2019une entreprise de leur choix.<\/p>\n<p>Ces jeunes sont encadr\u00e9s par une \u00e9quipe de 30 animateurs adultes, tous b\u00e9n\u00e9voles pour le programme Entreprise \u00c9tudiante et provenant du milieu des affaires. Chacun des jeunes d\u00e9l\u00e9gu\u00e9s a particip\u00e9 au programme Entreprise \u00c9tudiante et a \u00e9t\u00e9 choisi par sa compagnie (par ses pairs) en r\u00e9compense pour la qualit\u00e9 de son implication.<\/p>\n<p>\u00ab Il est important pour nous de faire germer cette fibre entrepreneuriale chez nos jeunes. Nous sommes fiers de pouvoir les accompagner \u00e0 d\u00e9velopper une entreprise. Qui sait, ils trouveront peut-\u00eatre l\u00e0 l\u2019inspiration d\u2019une entreprise qui pourrait \u00eatre un fleuron qu\u00e9b\u00e9cois de demain \u00bb, a affirm\u00e9 Suzanne Proulx.<\/p>\n<p>Le plan d\u2019affaires constituait l\u2019activit\u00e9 pivot du congr\u00e8s. Durant ces trois journ\u00e9es, chacune des \u00e9quipes devait \u00e9laborer un plan d\u2019affaires qui permettrait \u00e0 un investisseur fictif de maximiser une mise de fonds de 2 000 000 $. Chacune des \u00e9quipes a pr\u00e9sent\u00e9 son projet devant l\u2019assistance \u00e0 la fin du congr\u00e8s \u00e0 travers une pr\u00e9sentation orale o\u00f9 la cr\u00e9ativit\u00e9 battait son plein!<\/p>\n<p>\u00ab Ces jeunes nous \u00e9tonnent constamment par leur leadership, leur cr\u00e9ativit\u00e9 et leur d\u00e9brouillardise. Ils nous rendent fiers et nous donnent envie d\u2019en faire toujours davantage pour stimuler en eux ce d\u00e9sir de s\u2019accomplir en tant que futurs entrepreneurs \u00bb, a conclu la directrice g\u00e9n\u00e9rale de Jeunes entreprises Qu\u00e9bec, Suzanne Proulx.16<\/p>","protected":false},"excerpt":{"rendered":"<p>Madame Suzanne Proulx, directrice g\u00e9n\u00e9rale de Jeunes entreprises Qu\u00e9bec est fi\u00e8re de saluer le talent des 120 jeunes \u00e2g\u00e9s de 16 \u00e0 18 ans qui se sont rassembl\u00e9s \u00e0 Victoriaville ce weekend afin d\u2019\u00e9laborer un plan d\u2019affaire d\u2019une entreprise de leur choix. Ces jeunes sont encadr\u00e9s par une \u00e9quipe de 30 animateurs adultes, tous b\u00e9n\u00e9voles [&hellip;]<\/p>\n","protected":false},"author":2,"featured_media":5434,"comment_status":"open","ping_status":"open","sticky":false,"template":"","format":"standard","meta":{"_lmt_disableupdate":"","_lmt_disable":"","footnotes":""},"categories":[27],"tags":[],"class_list":["post-5297","post","type-post","status-publish","format-standard","has-post-thumbnail","hentry","category-evenement"],"modified_by":null,"_links":{"self":[{"href":"https:\/\/jaquebec.org\/fr\/wp-json\/wp\/v2\/posts\/5297","targetHints":{"allow":["GET"]}}],"collection":[{"href":"https:\/\/jaquebec.org\/fr\/wp-json\/wp\/v2\/posts"}],"about":[{"href":"https:\/\/jaquebec.org\/fr\/wp-json\/wp\/v2\/types\/post"}],"author":[{"embeddable":true,"href":"https:\/\/jaquebec.org\/fr\/wp-json\/wp\/v2\/users\/2"}],"replies":[{"embeddable":true,"href":"https:\/\/jaquebec.org\/fr\/wp-json\/wp\/v2\/comments?post=5297"}],"version-history":[{"count":2,"href":"https:\/\/jaquebec.org\/fr\/wp-json\/wp\/v2\/posts\/5297\/revisions"}],"predecessor-version":[{"id":5299,"href":"https:\/\/jaquebec.org\/fr\/wp-json\/wp\/v2\/posts\/5297\/revisions\/5299"}],"wp:featuredmedia":[{"embeddable":true,"href":"https:\/\/jaquebec.org\/fr\/wp-json\/wp\/v2\/media\/5434"}],"wp:attachment":[{"href":"https:\/\/jaquebec.org\/fr\/wp-json\/wp\/v2\/media?parent=5297"}],"wp:term":[{"taxonomy":"category","embeddable":true,"href":"https:\/\/jaquebec.org\/fr\/wp-json\/wp\/v2\/categories?post=5297"},{"taxonomy":"post_tag","embeddable":true,"href":"https:\/\/jaquebec.org\/fr\/wp-json\/wp\/v2\/tags?post=5297"}],"curies":[{"name":"wp","href":"https:\/\/api.w.org\/{rel}","templated":true}]}}