{"id":5865,"date":"2019-05-29T15:45:04","date_gmt":"2019-05-29T19:45:04","guid":{"rendered":"https:\/\/jaquebec.com\/?p=5865"},"modified":"2022-11-09T11:16:59","modified_gmt":"2022-11-09T16:16:59","slug":"journee-partenaire-adp-29-mai-2019","status":"publish","type":"post","link":"https:\/\/jaquebec.org\/fr\/2019\/05\/29\/journee-partenaire-adp-29-mai-2019\/","title":{"rendered":"Journ\u00e9e partenaire ADP du 29 mai 2019"},"content":{"rendered":"<p>[vc_row][vc_column][vc_column_text css=&#8221;.vc_custom_1614114903821{margin-bottom: 15px !important;}&#8221;]<span style=\"color: #008000;\">L&#8217;activit\u00e9 des Journ\u00e9es Partenaires est tr\u00e8s pris\u00e9e par nos collaborateurs car c&#8217;est une autre belle fa\u00e7on de s&#8217;impliquer dans l\u2019\u00e9ducation des jeunes et un excellent moyen d\u2019engager ses employ\u00e9s dans une cause qui tient \u00e0 c\u0153ur, tout en faisant rayonner son organisation.<\/span>[\/vc_column_text][vc_row_inner][vc_column_inner width=&#8221;1\/3&#8243;][vc_column_text]<\/p>\n<h2 style=\"text-align: center; color: #008000;\">8<\/h2>\n<h4 style=\"text-align: center;\">B\u00e9n\u00e9voles employ\u00e9s<br \/>\nd&#8217;ADP<\/h4>\n<p>[\/vc_column_text][\/vc_column_inner][vc_column_inner width=&#8221;1\/3&#8243;][vc_column_text]<\/p>\n<h2 style=\"text-align: center; color: #008000;\">1<\/h2>\n<h4 style=\"text-align: center;\">Coll\u00e8ge International Marie-de-France<\/h4>\n<p>[\/vc_column_text][\/vc_column_inner][vc_column_inner width=&#8221;1\/3&#8243;][vc_column_text]<\/p>\n<h2 style=\"text-align: center; color: #008000;\">80<\/h2>\n<h4 style=\"text-align: center;\">\u00c9l\u00e8ves<br \/>\nde 5<sup>e<\/sup><br \/>\nsecondaire<\/h4>\n<p>[\/vc_column_text][\/vc_column_inner][\/vc_row_inner][vc_column_text css=&#8221;.vc_custom_1614114958641{margin-top: 15px !important;}&#8221;]8 employ\u00e9s d&#8217;ADP\u00a0ont \u00e9t\u00e9 b\u00e9n\u00e9voles le mercredi 29 mai pour JA Qu\u00e9bec au Coll\u00e8ge International Marie-de-France pour former 5 classes de 5e secondaire sur notre programme\u00a0Bien plus que de l\u2019argent.<\/p>\n<p>Merci aux employ\u00e9s d\u2019ADP pour leur implication et leur engagement \u00e0 contribuer \u00e0 la formation de la rel\u00e8ve entrepreneuriale et professionnel du Qu\u00e9bec. Merci \u00e0\u00a0ADP Canada\u00a0pour son soutien, sa confiance et sa g\u00e9n\u00e9rosit\u00e9 envers notre mission.<\/p>\n<p>[vc_gallery interval=&#8221;300&#8243; images=&#8221;3726,3727,3728,3729,3730,3731,3732,3733,3734,3735,3736,3737,3738,3739,3740,3741,3742&#8243; img_size=&#8221;large&#8221;][\/vc_column_text][\/vc_column][\/vc_row]<\/p>","protected":false},"excerpt":{"rendered":"<p>[vc_row][vc_column][vc_column_text css=&#8221;.vc_custom_1614114903821{margin-bottom: 15px !important;}&#8221;]L&#8217;activit\u00e9 des Journ\u00e9es Partenaires est tr\u00e8s pris\u00e9e par nos collaborateurs car c&#8217;est une autre belle fa\u00e7on de s&#8217;impliquer dans l\u2019\u00e9ducation des jeunes et un excellent moyen d\u2019engager ses employ\u00e9s dans une cause qui tient \u00e0 c\u0153ur, tout en faisant rayonner son organisation.[\/vc_column_text][vc_row_inner][vc_column_inner width=&#8221;1\/3&#8243;][vc_column_text] 8 B\u00e9n\u00e9voles employ\u00e9s d&#8217;ADP [\/vc_column_text][\/vc_column_inner][vc_column_inner width=&#8221;1\/3&#8243;][vc_column_text] 1 Coll\u00e8ge International [&hellip;]<\/p>\n","protected":false},"author":2,"featured_media":2218,"comment_status":"closed","ping_status":"open","sticky":false,"template":"","format":"standard","meta":{"_lmt_disableupdate":"","_lmt_disable":"","footnotes":""},"categories":[26],"tags":[],"class_list":["post-5865","post","type-post","status-publish","format-standard","has-post-thumbnail","hentry","category-journee-partenaire"],"modified_by":null,"_links":{"self":[{"href":"https:\/\/jaquebec.org\/fr\/wp-json\/wp\/v2\/posts\/5865","targetHints":{"allow":["GET"]}}],"collection":[{"href":"https:\/\/jaquebec.org\/fr\/wp-json\/wp\/v2\/posts"}],"about":[{"href":"https:\/\/jaquebec.org\/fr\/wp-json\/wp\/v2\/types\/post"}],"author":[{"embeddable":true,"href":"https:\/\/jaquebec.org\/fr\/wp-json\/wp\/v2\/users\/2"}],"replies":[{"embeddable":true,"href":"https:\/\/jaquebec.org\/fr\/wp-json\/wp\/v2\/comments?post=5865"}],"version-history":[{"count":14,"href":"https:\/\/jaquebec.org\/fr\/wp-json\/wp\/v2\/posts\/5865\/revisions"}],"predecessor-version":[{"id":5879,"href":"https:\/\/jaquebec.org\/fr\/wp-json\/wp\/v2\/posts\/5865\/revisions\/5879"}],"wp:featuredmedia":[{"embeddable":true,"href":"https:\/\/jaquebec.org\/fr\/wp-json\/wp\/v2\/media\/2218"}],"wp:attachment":[{"href":"https:\/\/jaquebec.org\/fr\/wp-json\/wp\/v2\/media?parent=5865"}],"wp:term":[{"taxonomy":"category","embeddable":true,"href":"https:\/\/jaquebec.org\/fr\/wp-json\/wp\/v2\/categories?post=5865"},{"taxonomy":"post_tag","embeddable":true,"href":"https:\/\/jaquebec.org\/fr\/wp-json\/wp\/v2\/tags?post=5865"}],"curies":[{"name":"wp","href":"https:\/\/api.w.org\/{rel}","templated":true}]}}