{"id":6011,"date":"2021-03-19T09:15:32","date_gmt":"2021-03-19T13:15:32","guid":{"rendered":"https:\/\/jaquebec.com\/?p=6011"},"modified":"2022-11-09T11:09:03","modified_gmt":"2022-11-09T16:09:03","slug":"gala-virtuel-le-20-mai-2021-reservez-votre-date","status":"publish","type":"post","link":"https:\/\/jaquebec.org\/fr\/2021\/03\/19\/gala-virtuel-le-20-mai-2021-reservez-votre-date\/","title":{"rendered":"Gala virtuel le 20 mai 2021 &#8211; Aidez-nous \u00e0 faire une diff\u00e9rence"},"content":{"rendered":"<p>[vc_row][vc_column][vc_column_text css=&#8221;.vc_custom_1616190088678{margin-bottom: 25px !important;}&#8221;]Le Gala de la rel\u00e8ve entrepreneuriale du Qu\u00e9bec se tiendra cette ann\u00e9e le 20 mai 2021 en format virtuel pour couronner le travail effectu\u00e9 par les jeunes participant aux programmes en entrepreneuriat et souligner leur performance remarquable.<\/p>\n<h4>Quels jeunes entrepreneurs seront laur\u00e9ats cette ann\u00e9e?<\/h4>\n<p>Des prix sous forme de bourses seront remis \u00e0 ceux qui se d\u00e9marquent.<\/p>\n<h4>Aidez-nous \u00e0 faire une diff\u00e9rence<\/h4>\n<p>Cet \u00e9v\u00e9nement est possible gr\u00e2ce \u00e0 la participation de commanditaires et de donateurs. Dans le contexte difficile actuel, les jeunes de la rel\u00e8ve ont plus que jamais besoin de votre soutien. Nous vous invitons \u00e0 faire une diff\u00e9rence en y contribuant.<\/p>\n<p>Voyez le plan de visibilit\u00e9 <a href=\"https:\/\/jaquebec.org\/fr\/evenements\/gala-annuel-de-la-releve-entrepreneuriale\/\">disponible ici<\/a> et d\u00e9couvrez nos invit\u00e9s.[\/vc_column_text][vc_btn title=&#8221;Plan de visibilit\u00e9 pour le gala 2021&#8243; color=&#8221;green&#8221; align=&#8221;center&#8221; link=&#8221;url:https%3A%2F%2Fjaquebec.org%2Ffr%2Fevenements%2Fgala-annuel-de-la-releve-entrepreneuriale%2F|title:Plan%20de%20visibilit%C3%A9||&#8221;][\/vc_column][\/vc_row]<\/p>","protected":false},"excerpt":{"rendered":"<p>Le Gala de la rel\u00e8ve entrepreneuriale du Qu\u00e9bec se tiendra en format virtuel cette ann\u00e9e pour couronner le travail effectu\u00e9 par les jeunes participant aux programmes en entrepreneuriat et souligner leur performance remarquable.<\/p>\n","protected":false},"author":2,"featured_media":6027,"comment_status":"closed","ping_status":"open","sticky":false,"template":"","format":"standard","meta":{"_lmt_disableupdate":"","_lmt_disable":"","footnotes":""},"categories":[42],"tags":[],"class_list":["post-6011","post","type-post","status-publish","format-standard","has-post-thumbnail","hentry","category-gala"],"modified_by":null,"_links":{"self":[{"href":"https:\/\/jaquebec.org\/fr\/wp-json\/wp\/v2\/posts\/6011","targetHints":{"allow":["GET"]}}],"collection":[{"href":"https:\/\/jaquebec.org\/fr\/wp-json\/wp\/v2\/posts"}],"about":[{"href":"https:\/\/jaquebec.org\/fr\/wp-json\/wp\/v2\/types\/post"}],"author":[{"embeddable":true,"href":"https:\/\/jaquebec.org\/fr\/wp-json\/wp\/v2\/users\/2"}],"replies":[{"embeddable":true,"href":"https:\/\/jaquebec.org\/fr\/wp-json\/wp\/v2\/comments?post=6011"}],"version-history":[{"count":14,"href":"https:\/\/jaquebec.org\/fr\/wp-json\/wp\/v2\/posts\/6011\/revisions"}],"predecessor-version":[{"id":6032,"href":"https:\/\/jaquebec.org\/fr\/wp-json\/wp\/v2\/posts\/6011\/revisions\/6032"}],"wp:featuredmedia":[{"embeddable":true,"href":"https:\/\/jaquebec.org\/fr\/wp-json\/wp\/v2\/media\/6027"}],"wp:attachment":[{"href":"https:\/\/jaquebec.org\/fr\/wp-json\/wp\/v2\/media?parent=6011"}],"wp:term":[{"taxonomy":"category","embeddable":true,"href":"https:\/\/jaquebec.org\/fr\/wp-json\/wp\/v2\/categories?post=6011"},{"taxonomy":"post_tag","embeddable":true,"href":"https:\/\/jaquebec.org\/fr\/wp-json\/wp\/v2\/tags?post=6011"}],"curies":[{"name":"wp","href":"https:\/\/api.w.org\/{rel}","templated":true}]}}