{"id":7383,"date":"2022-04-14T10:55:39","date_gmt":"2022-04-14T14:55:39","guid":{"rendered":"https:\/\/jaquebec.com\/?p=7383"},"modified":"2022-11-09T11:04:24","modified_gmt":"2022-11-09T16:04:24","slug":"cojeq-le-30-avril-2022-reservez-la-date","status":"publish","type":"post","link":"https:\/\/jaquebec.org\/fr\/2022\/04\/14\/cojeq-le-30-avril-2022-reservez-la-date\/","title":{"rendered":"COJEQ &#8211; Prochaine \u00e9dition Mars 2023"},"content":{"rendered":"<p>[vc_row][vc_column][vc_column_text]<\/p>\n<p style=\"text-align: center;\"><strong>Congr\u00e8s officiel de la jeunesse entrepreneuriale du Qu\u00e9bec<\/strong><\/p>\n<p style=\"text-align: center;\"><strong>Prochaine \u00e9dition Mars 2023<\/strong><\/p>\n<p style=\"text-align: center;\"><strong>Date \u00e0 confirmer<\/strong><\/p>\n<p>COJEQ est un \u00e9v\u00e9nement o\u00f9 pr\u00e8s de 100 jeunes, provenant de plusieurs r\u00e9gions du Qu\u00e9bec, se r\u00e9unissent afin de vivre une exp\u00e9rience d\u2019affaires enrichissante. <em>Le d\u00eener et le souper est fourni par JA Qu\u00e9bec.<\/em>[\/vc_column_text][\/vc_column][\/vc_row][vc_row css=&#8221;.vc_custom_1649953091108{margin-top: 30px !important;}&#8221;][vc_column width=&#8221;1\/2&#8243;][vc_column_text]<\/p>\n<h4>Dans le cadre de cette journ\u00e9e, les \u00e9tudiants qui participent auront la chance de vivre des activit\u00e9s telles que :<\/h4>\n<ul>\n<li>Conf\u00e9rences enrichissantes.<\/li>\n<li>R\u00e9daction d\u2019un plan d\u2019affaires et pr\u00e9sentation des projets.<\/li>\n<li>Simulation d\u2019affaires\u00a0: strat\u00e9gies de production et de vente.<\/li>\n<li>Remise de prix (Bourse de participation).<\/li>\n<\/ul>\n<p>[\/vc_column_text][\/vc_column][vc_column width=&#8221;1\/2&#8243;][vc_column_text]<\/p>\n<h4>Les activit\u00e9s am\u00e8neront les participants \u00e0 approfondir leurs habilet\u00e9s \u00e0 :<\/h4>\n<ul>\n<li>D\u00e9couvrir les bienfaits et les risques li\u00e9s au lancement d\u2019une entreprise.<\/li>\n<li>Simuler un rapport positif avec le monde des affaires.<\/li>\n<li>Valoriser le travail d\u2019\u00e9quipe et le sens des responsabilit\u00e9s.<\/li>\n<li>D\u00e9velopper la confiance en soi.<\/li>\n<li>R\u00e9aliser des pr\u00e9sentations efficaces et cr\u00e9er de bons argumentaires de vente.<\/li>\n<\/ul>\n<p>[\/vc_column_text][\/vc_column][\/vc_row][vc_row css=&#8221;.vc_custom_1649952951996{margin-top: 30px !important;}&#8221;][vc_column][vc_column_text]<\/p>\n<p style=\"text-align: center;\"><strong>Des retomb\u00e9es positives pour les \u00e9tudiants !<\/strong><\/p>\n<p style=\"text-align: center;\">Information : Alison Harik au 438 885-3632 ou <a href=\"mailto:aharik@jaquebec.org\">aharik@jaquebec.org<\/a><\/p>\n<p>[\/vc_column_text][\/vc_column][\/vc_row]<\/p>","protected":false},"excerpt":{"rendered":"<p>[vc_row][vc_column][vc_column_text] Congr\u00e8s officiel de la jeunesse entrepreneuriale du Qu\u00e9bec Prochaine \u00e9dition Mars 2023 Date \u00e0 confirmer COJEQ est un \u00e9v\u00e9nement o\u00f9 pr\u00e8s de 100 jeunes, provenant de plusieurs r\u00e9gions du Qu\u00e9bec, se r\u00e9unissent afin de vivre une exp\u00e9rience d\u2019affaires enrichissante. Le d\u00eener et le souper est fourni par JA Qu\u00e9bec.[\/vc_column_text][\/vc_column][\/vc_row][vc_row css=&#8221;.vc_custom_1649953091108{margin-top: 30px !important;}&#8221;][vc_column width=&#8221;1\/2&#8243;][vc_column_text] Dans [&hellip;]<\/p>\n","protected":false},"author":2,"featured_media":7386,"comment_status":"closed","ping_status":"open","sticky":false,"template":"","format":"standard","meta":{"_lmt_disableupdate":"","_lmt_disable":"","footnotes":""},"categories":[27],"tags":[],"class_list":["post-7383","post","type-post","status-publish","format-standard","has-post-thumbnail","hentry","category-evenement"],"modified_by":null,"_links":{"self":[{"href":"https:\/\/jaquebec.org\/fr\/wp-json\/wp\/v2\/posts\/7383","targetHints":{"allow":["GET"]}}],"collection":[{"href":"https:\/\/jaquebec.org\/fr\/wp-json\/wp\/v2\/posts"}],"about":[{"href":"https:\/\/jaquebec.org\/fr\/wp-json\/wp\/v2\/types\/post"}],"author":[{"embeddable":true,"href":"https:\/\/jaquebec.org\/fr\/wp-json\/wp\/v2\/users\/2"}],"replies":[{"embeddable":true,"href":"https:\/\/jaquebec.org\/fr\/wp-json\/wp\/v2\/comments?post=7383"}],"version-history":[{"count":23,"href":"https:\/\/jaquebec.org\/fr\/wp-json\/wp\/v2\/posts\/7383\/revisions"}],"predecessor-version":[{"id":7442,"href":"https:\/\/jaquebec.org\/fr\/wp-json\/wp\/v2\/posts\/7383\/revisions\/7442"}],"wp:featuredmedia":[{"embeddable":true,"href":"https:\/\/jaquebec.org\/fr\/wp-json\/wp\/v2\/media\/7386"}],"wp:attachment":[{"href":"https:\/\/jaquebec.org\/fr\/wp-json\/wp\/v2\/media?parent=7383"}],"wp:term":[{"taxonomy":"category","embeddable":true,"href":"https:\/\/jaquebec.org\/fr\/wp-json\/wp\/v2\/categories?post=7383"},{"taxonomy":"post_tag","embeddable":true,"href":"https:\/\/jaquebec.org\/fr\/wp-json\/wp\/v2\/tags?post=7383"}],"curies":[{"name":"wp","href":"https:\/\/api.w.org\/{rel}","templated":true}]}}