{"id":9198,"date":"2023-05-18T11:16:07","date_gmt":"2023-05-18T15:16:07","guid":{"rendered":"https:\/\/jaquebec.org\/?p=9198"},"modified":"2023-05-23T15:50:23","modified_gmt":"2023-05-23T19:50:23","slug":"patrice-jean-president-dhonneur-du-gala-benefice-de-la-releve-entrepreneuriale-du-quebec-2023","status":"publish","type":"post","link":"https:\/\/jaquebec.org\/fr\/2023\/05\/18\/patrice-jean-president-dhonneur-du-gala-benefice-de-la-releve-entrepreneuriale-du-quebec-2023\/","title":{"rendered":"Patrice Jean, pr\u00e9sident d\u2019honneur du gala b\u00e9n\u00e9fice de la rel\u00e8ve entrepreneuriale du Qu\u00e9bec 2023"},"content":{"rendered":"<p>[vc_row][vc_column][vc_column_text]<\/p>\n<p style=\"text-align: justify;\"><span style=\"color: #000000;\">JA Qu\u00e9bec est fier de vous annoncer que monsieur Patrice Jean, pr\u00e9sident de PMA Assurances, sera notre pr\u00e9sident d&#8217;honneur lors du gala b\u00e9n\u00e9fice de la rel\u00e8ve entrepreneuriale du Qu\u00e9bec 2023 qui se tiendra le 24 mai au march\u00e9 Bonsecours \u00e0 Montr\u00e9al. La pr\u00e9sidence d&#8217;honneur de l&#8217;\u00e9v\u00e9nement sera partag\u00e9e conjointement entre <a style=\"color: #000000;\" href=\"https:\/\/pmaassurances.ca\/fr\"><span style=\"text-decoration: underline;\">PMA Assurances<\/span><\/a> et <a style=\"color: #000000;\" href=\"https:\/\/www.intact.ca\/qc\/fr\/assurance-particuliers.html\"><span style=\"text-decoration: underline;\">Intact Assurance<\/span><\/a>, tandis que la pr\u00e9sentation de l&#8217;\u00e9v\u00e9nement sera assur\u00e9e par <a style=\"color: #000000;\" href=\"https:\/\/www.desjardins.com\/index.jsp\"><span style=\"text-decoration: underline;\">Desjardins<\/span><\/a> et la <a style=\"color: #000000;\" href=\"https:\/\/www.fairstone.ca\/fr\"><span style=\"text-decoration: underline;\">financi\u00e8re Fairstone<\/span><\/a>.<\/span><\/p>\n<p style=\"text-align: justify;\"><span style=\"color: #000000;\">Leader strat\u00e9gique, accompli et polyvalent, Patrice Jean est pr\u00e9sident de PMA Assurances, un cabinet en assurance de dommages et de services financiers. Il si\u00e8ge \u00e9galement au conseil d\u2019administration. Patrice dirige pr\u00e8s de 250 professionnels qui conseillent les particuliers, les entreprises ainsi que les groupes et associations vers une gamme de services qui r\u00e9pond le mieux \u00e0 leurs besoins en mati\u00e8re de cautionnement, d\u2019assurance collective, d\u2019assurance professionnelle et de cyberrisques, de planification financi\u00e8re ainsi que dans toutes les sph\u00e8res de l\u2019assurance de dommages.<\/span><\/p>\n<p style=\"text-align: justify;\"><span style=\"color: #000000;\">Avant d\u2019\u00eatre nomm\u00e9 pr\u00e9sident de PMA Assurances en septembre 2021, Patrice \u00e9tait, depuis 2019, vice-pr\u00e9sident du Qu\u00e9bec pour l\u2019assureur RSA Canada, \u00e9tant responsable des lignes commerciales et personnelles pour cette r\u00e9gion. De 2015 \u00e0 2019, il a \u00e9t\u00e9 pr\u00e9sident et chef des op\u00e9rations de Lussier Dale Parizeau, un cabinet d\u2019assurance d\u2019importance au Qu\u00e9bec. Il a dirig\u00e9 une \u00e9quipe de 800 employ\u00e9s tout en menant l\u2019entreprise \u00e0 une croissance fulgurante en proc\u00e9dant \u00e0 plusieurs acquisitions strat\u00e9giques et \u00e0 un d\u00e9veloppement organique. Patrice a \u00e9galement \u00e9t\u00e9 pr\u00e9sident et chef de la direction de Dale Parizeau Morris Mackenzie de 2011 \u00e0 2015, dirigeant une \u00e9quipe de 400 professionnels au Qu\u00e9bec et en Ontario ainsi que vice-pr\u00e9sident, entreprises et gestion des risques, pour cette m\u00eame organisation de 2003 \u00e0 2011. Auparavant, chez Optimum Groupe Financier, il a acc\u00e9d\u00e9 \u00e0 plusieurs postes de vice-pr\u00e9sidence de 1991 \u00e0 2003.<\/span><\/p>\n<p style=\"text-align: justify;\"><span style=\"color: #000000;\">Outre son parcours professionnel jalonn\u00e9 de succ\u00e8s, Patrice a \u00e9t\u00e9 d\u00e9tenteur des titres professionnels de <em>Fellow<\/em> de l\u2019Institut canadien des actuaires et de la <em>Casualty Actuarial Society<\/em>. Il est \u00e9galement gestionnaire de risque certifi\u00e9 (CRM) de l\u2019Universit\u00e9 McGill (2004-2005) et il a obtenu un baccalaur\u00e9at en sciences actuarielles de l\u2019Universit\u00e9 Laval (1986-1990). Actif dans la communaut\u00e9 d\u2019affaires et fortement attach\u00e9 \u00e0 sa profession, Patrice a particip\u00e9 au Regroupement des cabinets de courtage d\u2019assurance du Qu\u00e9bec (RCCAQ) et a \u00e9t\u00e9 vice-pr\u00e9sident et membre du conseil de la Coalition pour la promotion des emplois en assurance.<\/span><\/p>\n<p>[\/vc_column_text][vc_video link=&#8221;https:\/\/www.youtube.com\/watch?v=xSNAJjN3Dn4&#8243; el_width=&#8221;50&#8243; align=&#8221;center&#8221; css=&#8221;.vc_custom_1684871245196{margin-top: 20px !important;}&#8221;][\/vc_column][\/vc_row][vc_row][vc_column][vc_single_image image=&#8221;9199&#8243; img_size=&#8221;large&#8221; alignment=&#8221;center&#8221;][\/vc_column][\/vc_row]<\/p>","protected":false},"excerpt":{"rendered":"<p>[vc_row][vc_column][vc_column_text] JA Qu\u00e9bec est fier de vous annoncer que monsieur Patrice Jean, pr\u00e9sident de PMA Assurances, sera notre pr\u00e9sident d&#8217;honneur lors du gala b\u00e9n\u00e9fice de la rel\u00e8ve entrepreneuriale du Qu\u00e9bec 2023 qui se tiendra le 24 mai au march\u00e9 Bonsecours \u00e0 Montr\u00e9al. La pr\u00e9sidence d&#8217;honneur de l&#8217;\u00e9v\u00e9nement sera partag\u00e9e conjointement entre PMA Assurances et Intact [&hellip;]<\/p>\n","protected":false},"author":2,"featured_media":9203,"comment_status":"closed","ping_status":"open","sticky":false,"template":"","format":"standard","meta":{"_lmt_disableupdate":"","_lmt_disable":"","footnotes":""},"categories":[42],"tags":[],"class_list":["post-9198","post","type-post","status-publish","format-standard","has-post-thumbnail","hentry","category-gala"],"modified_by":null,"_links":{"self":[{"href":"https:\/\/jaquebec.org\/fr\/wp-json\/wp\/v2\/posts\/9198","targetHints":{"allow":["GET"]}}],"collection":[{"href":"https:\/\/jaquebec.org\/fr\/wp-json\/wp\/v2\/posts"}],"about":[{"href":"https:\/\/jaquebec.org\/fr\/wp-json\/wp\/v2\/types\/post"}],"author":[{"embeddable":true,"href":"https:\/\/jaquebec.org\/fr\/wp-json\/wp\/v2\/users\/2"}],"replies":[{"embeddable":true,"href":"https:\/\/jaquebec.org\/fr\/wp-json\/wp\/v2\/comments?post=9198"}],"version-history":[{"count":7,"href":"https:\/\/jaquebec.org\/fr\/wp-json\/wp\/v2\/posts\/9198\/revisions"}],"predecessor-version":[{"id":9228,"href":"https:\/\/jaquebec.org\/fr\/wp-json\/wp\/v2\/posts\/9198\/revisions\/9228"}],"wp:featuredmedia":[{"embeddable":true,"href":"https:\/\/jaquebec.org\/fr\/wp-json\/wp\/v2\/media\/9203"}],"wp:attachment":[{"href":"https:\/\/jaquebec.org\/fr\/wp-json\/wp\/v2\/media?parent=9198"}],"wp:term":[{"taxonomy":"category","embeddable":true,"href":"https:\/\/jaquebec.org\/fr\/wp-json\/wp\/v2\/categories?post=9198"},{"taxonomy":"post_tag","embeddable":true,"href":"https:\/\/jaquebec.org\/fr\/wp-json\/wp\/v2\/tags?post=9198"}],"curies":[{"name":"wp","href":"https:\/\/api.w.org\/{rel}","templated":true}]}}