{"id":9795,"date":"2023-07-04T14:34:07","date_gmt":"2023-07-04T18:34:07","guid":{"rendered":"https:\/\/jaquebec.org\/?p=9795"},"modified":"2023-07-04T14:37:05","modified_gmt":"2023-07-04T18:37:05","slug":"9795","status":"publish","type":"post","link":"https:\/\/jaquebec.org\/fr\/2023\/07\/04\/9795\/","title":{"rendered":"Camp juridique Therrien Couture Joli-Coeur"},"content":{"rendered":"<p>[vc_row][vc_column width=&#8221;2\/3&#8243;][vc_column_text]<\/p>\n<p style=\"text-align: justify;\"><span style=\"color: #000000;\">Une occasion id\u00e9ale pour les jeunes de 10 \u00e0 14 ans de d\u00e9couvrir le monde juridique et tout ce qui l\u2019entoure! \u2696\ufe0fLe camp juridique pr\u00e9sent\u00e9 par\u00a0<\/span><b><a href=\"https:\/\/www.groupetcj.ca\/\" data-attribute-index=\"0\" data-entity-type=\"MINI_COMPANY\">Therrien Couture Joli-Coeur<\/a><\/b>\u00a0<span style=\"color: #000000;\">est de retour cette ann\u00e9e! Avec l\u2019entrepreneuriat au c\u0153ur des activit\u00e9s de la semaine, toutes les raisons sont bonnes pour y participer! Votre ado souhaite \u00eatre son propre patron plus tard? Il a des id\u00e9es de g\u00e9nie et ressent la fibre entrepreneuriale, ou il a simplement envie de se faire de nouveaux amis? Il ne regrettera pas son aventure, c\u2019est garanti! Jeux, invit\u00e9s surprises et m\u00eame une visite virtuelle de la Cour supr\u00eame du Canada seront au rendez-vous. Le prix ? Seul un don, du montant de votre choix est demand\u00e9. Tous les fonds recueillis iront \u00e0 JA Qu\u00e9bec.<\/span><\/p>\n<p style=\"text-align: justify;\"><span style=\"color: #000000;\">\ud83d\udcc5 Date : du 10 au 14 juillet 2023<\/span><br \/>\n<span style=\"color: #000000;\">\ud83d\udd50 Heure : 9 h \u00e0 11 h 30<\/span><br \/>\n<span style=\"color: #000000;\">\ud83d\udcbb Lieu : en ligne<\/span><\/p>\n<p style=\"text-align: justify;\"><span style=\"color: #000000;\">Vous pouvez remplir d\u00e8s maintenant le formulaire d\u2019inscription!<\/span>\u00a0<a href=\"https:\/\/www.groupetcj.ca\/evenement\/avocats\/56-camp-juridique-2023.html\">Cliquez-ici<\/a><\/p>\n<p>[\/vc_column_text][\/vc_column][vc_column width=&#8221;1\/3&#8243;][vc_column_text css=&#8221;.vc_custom_1688495597152{margin-top: -60px !important;}&#8221;]<img loading=\"lazy\" decoding=\"async\" class=\"wp-image-9598 aligncenter\" src=\"https:\/\/jaquebec.org\/wp-content\/uploads\/2023\/06\/1685724494678-min.jpg\" alt=\"\" width=\"286\" height=\"429\" srcset=\"https:\/\/jaquebec.org\/wp-content\/uploads\/2023\/06\/1685724494678-min.jpg 1170w, https:\/\/jaquebec.org\/wp-content\/uploads\/2023\/06\/1685724494678-min-200x300.jpg 200w, https:\/\/jaquebec.org\/wp-content\/uploads\/2023\/06\/1685724494678-min-683x1024.jpg 683w, https:\/\/jaquebec.org\/wp-content\/uploads\/2023\/06\/1685724494678-min-768x1152.jpg 768w, https:\/\/jaquebec.org\/wp-content\/uploads\/2023\/06\/1685724494678-min-1024x1536.jpg 1024w, https:\/\/jaquebec.org\/wp-content\/uploads\/2023\/06\/1685724494678-min-1140x1710.jpg 1140w, https:\/\/jaquebec.org\/wp-content\/uploads\/2023\/06\/1685724494678-min-380x570.jpg 380w\" sizes=\"auto, (max-width: 286px) 100vw, 286px\" \/>[\/vc_column_text][\/vc_column][\/vc_row][vc_row][vc_column][\/vc_column][\/vc_row]<\/p>","protected":false},"excerpt":{"rendered":"<p>[vc_row][vc_column width=&#8221;2\/3&#8243;][vc_column_text] Une occasion id\u00e9ale pour les jeunes de 10 \u00e0 14 ans de d\u00e9couvrir le monde juridique et tout ce qui l\u2019entoure! \u2696\ufe0fLe camp juridique pr\u00e9sent\u00e9 par\u00a0Therrien Couture Joli-Coeur\u00a0est de retour cette ann\u00e9e! Avec l\u2019entrepreneuriat au c\u0153ur des activit\u00e9s de la semaine, toutes les raisons sont bonnes pour y participer! Votre ado souhaite \u00eatre [&hellip;]<\/p>\n","protected":false},"author":2,"featured_media":9796,"comment_status":"closed","ping_status":"open","sticky":false,"template":"","format":"standard","meta":{"_lmt_disableupdate":"","_lmt_disable":"","footnotes":""},"categories":[1],"tags":[],"class_list":["post-9795","post","type-post","status-publish","format-standard","has-post-thumbnail","hentry","category-non-classe"],"modified_by":null,"_links":{"self":[{"href":"https:\/\/jaquebec.org\/fr\/wp-json\/wp\/v2\/posts\/9795","targetHints":{"allow":["GET"]}}],"collection":[{"href":"https:\/\/jaquebec.org\/fr\/wp-json\/wp\/v2\/posts"}],"about":[{"href":"https:\/\/jaquebec.org\/fr\/wp-json\/wp\/v2\/types\/post"}],"author":[{"embeddable":true,"href":"https:\/\/jaquebec.org\/fr\/wp-json\/wp\/v2\/users\/2"}],"replies":[{"embeddable":true,"href":"https:\/\/jaquebec.org\/fr\/wp-json\/wp\/v2\/comments?post=9795"}],"version-history":[{"count":12,"href":"https:\/\/jaquebec.org\/fr\/wp-json\/wp\/v2\/posts\/9795\/revisions"}],"predecessor-version":[{"id":9808,"href":"https:\/\/jaquebec.org\/fr\/wp-json\/wp\/v2\/posts\/9795\/revisions\/9808"}],"wp:featuredmedia":[{"embeddable":true,"href":"https:\/\/jaquebec.org\/fr\/wp-json\/wp\/v2\/media\/9796"}],"wp:attachment":[{"href":"https:\/\/jaquebec.org\/fr\/wp-json\/wp\/v2\/media?parent=9795"}],"wp:term":[{"taxonomy":"category","embeddable":true,"href":"https:\/\/jaquebec.org\/fr\/wp-json\/wp\/v2\/categories?post=9795"},{"taxonomy":"post_tag","embeddable":true,"href":"https:\/\/jaquebec.org\/fr\/wp-json\/wp\/v2\/tags?post=9795"}],"curies":[{"name":"wp","href":"https:\/\/api.w.org\/{rel}","templated":true}]}}