{"id":9869,"date":"2023-07-25T13:19:13","date_gmt":"2023-07-25T17:19:13","guid":{"rendered":"https:\/\/jaquebec.org\/?p=9869"},"modified":"2023-07-25T15:34:34","modified_gmt":"2023-07-25T19:34:34","slug":"les-olympiades-de-la-diversite-au-patro-de-charlesbourg","status":"publish","type":"post","link":"https:\/\/jaquebec.org\/fr\/2023\/07\/25\/les-olympiades-de-la-diversite-au-patro-de-charlesbourg\/","title":{"rendered":"Les olympiades de la diversit\u00e9 au Patro de Charlesbourg"},"content":{"rendered":"<p>[vc_row][vc_column][vc_column_text]<\/p>\n<p style=\"text-align: justify;\"><span style=\"color: #000000;\">Le 19 juillet, JA Qu\u00e9bec a donn\u00e9 le programme <strong>\u2018\u2019Plus forts ensemble : la diversit\u00e9 en action\u2019\u2019<\/strong> \u00e0 plus de <strong>675 jeunes au Patro de Charlesbourg<\/strong> ! \ud83c\udf89 Les jeunes de 7 \u00e0 15 ans ont pu vivre une journ\u00e9e inoubliable gr\u00e2ce \u00e0 une s\u00e9rie d&#8217;activit\u00e9s ludiques et inspirantes, mettant en avant la saine comp\u00e9tition, la communication et surtout, la collaboration.<\/span><\/p>\n<p style=\"text-align: justify;\"><span style=\"color: #000000;\">C&#8217;est avec une immense reconnaissance que nous tenons \u00e0 remercier du fond du c\u0153ur la quinzaine de b\u00e9n\u00e9voles exceptionnels qui ont rendu cette journ\u00e9e possible. <strong><a href=\"https:\/\/www.linkedin.com\/in\/lamiae-t-707435205\/\">Lamiae Tidaf<\/a><\/strong>, <strong><a href=\"https:\/\/www.linkedin.com\/in\/elise-perreault-95875993\/\">Elise Perreault<\/a><\/strong>, <strong><a href=\"https:\/\/www.linkedin.com\/in\/djibrim-gourouza-366929a9\/\">Djibrim Gourouza<\/a><\/strong>, <strong><a href=\"https:\/\/www.linkedin.com\/in\/marie-jos%C3%A9e-chabot-2a67991b0\/\">Marie-Jos\u00e9e Chabot<\/a><\/strong> et <strong><a href=\"https:\/\/www.linkedin.com\/in\/annie-bois-736422151\/\">Annie Bois<\/a><\/strong> de la <strong><a style=\"color: #000000;\" href=\"https:\/\/www.linkedin.com\/company\/banquenationaleducanada\/\">Banque Nationale du Canada<\/a><\/strong>, <strong><a href=\"https:\/\/www.linkedin.com\/in\/marie-claude-dube-3a080a98\/\">Marie-Claude Dube<\/a><\/strong>, <strong><a href=\"https:\/\/www.linkedin.com\/in\/simon-normand-37b7a826\/\">Simon Normand<\/a><\/strong> et F<strong><a href=\"https:\/\/www.linkedin.com\/in\/francois-valois-48829513\/\">ran\u00e7ois Valois<\/a><\/strong> de <strong><a style=\"color: #000000;\" href=\"https:\/\/www.linkedin.com\/company\/bentley-systems\/\">Bentley Systems<\/a><\/strong>, <strong><a href=\"https:\/\/www.linkedin.com\/in\/yves-moreau-39133743\/\">Yves Moreau<\/a><\/strong>, <strong><a href=\"https:\/\/www.linkedin.com\/in\/chloebaussant\/\">Chlo\u00e9 Baussant<\/a><\/strong>, <strong><a href=\"https:\/\/www.linkedin.com\/in\/nancy-laneuville-3296121b2\/\">Nancy Laneuville<\/a><\/strong>, St\u00e9phane Poitiers, Jos\u00e9e St-Onge, Andr\u00e9anne Thivierge, St\u00e9phane Dupont, Gaetan Houde, Adriana Ramirez Razo et <strong><a href=\"https:\/\/www.linkedin.com\/in\/genevi%C3%A8vegagn%C3%A9\/\">Genevi\u00e8ve Gagn\u00e9<\/a><\/strong>.<\/span><\/p>\n<p><img loading=\"lazy\" decoding=\"async\" class=\"wp-image-9937 aligncenter\" src=\"https:\/\/jaquebec.org\/wp-content\/uploads\/2023\/07\/65.png\" alt=\"\" width=\"458\" height=\"258\" srcset=\"https:\/\/jaquebec.org\/wp-content\/uploads\/2023\/07\/65.png 1280w, https:\/\/jaquebec.org\/wp-content\/uploads\/2023\/07\/65-300x169.png 300w, https:\/\/jaquebec.org\/wp-content\/uploads\/2023\/07\/65-1024x576.png 1024w, https:\/\/jaquebec.org\/wp-content\/uploads\/2023\/07\/65-768x432.png 768w, https:\/\/jaquebec.org\/wp-content\/uploads\/2023\/07\/65-1140x641.png 1140w, https:\/\/jaquebec.org\/wp-content\/uploads\/2023\/07\/65-380x214.png 380w\" sizes=\"auto, (max-width: 458px) 100vw, 458px\" \/>[\/vc_column_text][\/vc_column][\/vc_row][vc_row css=&#8221;.vc_custom_1690305053402{margin-top: 30px !important;}&#8221;][vc_column][vc_column_text]<\/p>\n<p style=\"text-align: justify;\"><span style=\"color: #000000;\">Gr\u00e2ce \u00e0 votre pr\u00e9sence bienveillante et engag\u00e9e, nous avons r\u00e9ussi \u00e0 d\u00e9montrer \u00e0 nos jeunes participants que c&#8217;est en c\u00e9l\u00e9brant nos diff\u00e9rences que nous parvenons \u00e0 travailler ensemble vers un objectif commun. Le th\u00e8me des &#8220;Olympiades de la diversit\u00e9&#8221; a permis \u00e0 chacun de se d\u00e9couvrir, de s&#8217;\u00e9couter et de s&#8217;enrichir mutuellement.<\/span><\/p>\n<p style=\"text-align: justify;\"><span style=\"color: #000000;\">Un grand merci aux membres de l\u2019\u00e9quipe de JA Qu\u00e9bec d\u2019avoir accompagn\u00e9 nos b\u00e9n\u00e9voles\u00a0: <strong><a href=\"https:\/\/www.linkedin.com\/in\/claire-keller-828262174\/\">Claire Keller<\/a><\/strong>, <strong><a href=\"https:\/\/www.linkedin.com\/in\/carolinefontaine\/\">Caroline Schnoering<\/a><\/strong>, <strong><a href=\"https:\/\/www.linkedin.com\/in\/longjing-c-a40b10238\/\">LongJing Chu<\/a><\/strong>, <strong><a href=\"https:\/\/www.linkedin.com\/in\/jeremy-cohen-aa6086134\/\">Jeremy Cohen<\/a><\/strong>, <strong><a href=\"https:\/\/www.linkedin.com\/in\/marguerite-th%C3%A9rien-pedneault-52511b20a\/\">Marguerite Th\u00e9rien Pedneault<\/a><\/strong>, <strong><a href=\"https:\/\/www.linkedin.com\/in\/joanne-ly\/\">Joanne Ly<\/a><\/strong>, <strong><a href=\"https:\/\/www.linkedin.com\/in\/jessika-houde-b75121259\/\">Jessika Houde<\/a><\/strong> et <strong><a href=\"https:\/\/www.linkedin.com\/in\/m-hamed-mobarki-28b7b5b3\/\">M&#8217;Hamed Mobarki<\/a><\/strong>.<\/span><\/p>\n<p style=\"text-align: justify;\"><span style=\"color: #000000;\">Cette journ\u00e9e nous a rappel\u00e9 que la diversit\u00e9 est une richesse inestimable, et nous sommes convaincus que les valeurs d&#8217;inclusion et de solidarit\u00e9 que nous avons cultiv\u00e9es ensemble continueront \u00e0 rayonner dans les c\u0153urs des jeunes participants pour longtemps. Un grand merci \u00e0 tous pour votre engagement et votre soutien envers notre cause!<\/span><\/p>\n<p>[\/vc_column_text][vc_images_carousel images=&#8221;9992,9984,9955,9935,9912,9968,9923,9979,9998,9906,9932,9999,9996,9908,9997,9982,9931,9882,9919,9977,9910,9944,9887,9960,9976,9957,9878,9954,9950,9941,9940,9893,9924,9885,9925,9899,9895,9926,9963,9988,9900,9917,9874,9898,9995,9920,9903,9902,9989,9909,9881,9901,9897,9894,9896,9890,9891,9892,9886,9883,9884&#8243; img_size=&#8221;full&#8221; speed=&#8221;3000&#8243; slides_per_view=&#8221;3&#8243; autoplay=&#8221;yes&#8221; hide_pagination_control=&#8221;yes&#8221; css=&#8221;.vc_custom_1690304536492{margin-top: 30px !important;}&#8221;][\/vc_column][\/vc_row]<\/p>","protected":false},"excerpt":{"rendered":"<p>[vc_row][vc_column][vc_column_text] Le 19 juillet, JA Qu\u00e9bec a donn\u00e9 le programme \u2018\u2019Plus forts ensemble : la diversit\u00e9 en action\u2019\u2019 \u00e0 plus de 675 jeunes au Patro de Charlesbourg ! \ud83c\udf89 Les jeunes de 7 \u00e0 15 ans ont pu vivre une journ\u00e9e inoubliable gr\u00e2ce \u00e0 une s\u00e9rie d&#8217;activit\u00e9s ludiques et inspirantes, mettant en avant la saine [&hellip;]<\/p>\n","protected":false},"author":2,"featured_media":10037,"comment_status":"closed","ping_status":"open","sticky":false,"template":"","format":"standard","meta":{"_lmt_disableupdate":"","_lmt_disable":"","footnotes":""},"categories":[27,1,26],"tags":[],"class_list":["post-9869","post","type-post","status-publish","format-standard","has-post-thumbnail","hentry","category-evenement","category-non-classe","category-journee-partenaire"],"modified_by":null,"_links":{"self":[{"href":"https:\/\/jaquebec.org\/fr\/wp-json\/wp\/v2\/posts\/9869","targetHints":{"allow":["GET"]}}],"collection":[{"href":"https:\/\/jaquebec.org\/fr\/wp-json\/wp\/v2\/posts"}],"about":[{"href":"https:\/\/jaquebec.org\/fr\/wp-json\/wp\/v2\/types\/post"}],"author":[{"embeddable":true,"href":"https:\/\/jaquebec.org\/fr\/wp-json\/wp\/v2\/users\/2"}],"replies":[{"embeddable":true,"href":"https:\/\/jaquebec.org\/fr\/wp-json\/wp\/v2\/comments?post=9869"}],"version-history":[{"count":40,"href":"https:\/\/jaquebec.org\/fr\/wp-json\/wp\/v2\/posts\/9869\/revisions"}],"predecessor-version":[{"id":10040,"href":"https:\/\/jaquebec.org\/fr\/wp-json\/wp\/v2\/posts\/9869\/revisions\/10040"}],"wp:featuredmedia":[{"embeddable":true,"href":"https:\/\/jaquebec.org\/fr\/wp-json\/wp\/v2\/media\/10037"}],"wp:attachment":[{"href":"https:\/\/jaquebec.org\/fr\/wp-json\/wp\/v2\/media?parent=9869"}],"wp:term":[{"taxonomy":"category","embeddable":true,"href":"https:\/\/jaquebec.org\/fr\/wp-json\/wp\/v2\/categories?post=9869"},{"taxonomy":"post_tag","embeddable":true,"href":"https:\/\/jaquebec.org\/fr\/wp-json\/wp\/v2\/tags?post=9869"}],"curies":[{"name":"wp","href":"https:\/\/api.w.org\/{rel}","templated":true}]}}